{"id":459,"date":"2023-10-08T12:55:45","date_gmt":"2023-10-08T12:55:45","guid":{"rendered":"http:\/\/image-trackers.de\/?p=459"},"modified":"2023-11-11T12:21:07","modified_gmt":"2023-11-11T12:21:07","slug":"workshop-shooting-tanzen-mit-led-dauerlicht","status":"publish","type":"post","link":"http:\/\/image-trackers.de\/?p=459","title":{"rendered":"Workshop Shooting &#8222;Tanzen&#8220; mit LED-Dauerlicht"},"content":{"rendered":"\n<figure class=\"wp-block-image size-large\"><img loading=\"lazy\" decoding=\"async\" width=\"1024\" height=\"478\" src=\"http:\/\/image-trackers.de\/wp-content\/uploads\/2023\/10\/WS-Tanz4-4-1024x478.jpg\" alt=\"\" class=\"wp-image-460\" srcset=\"http:\/\/image-trackers.de\/wp-content\/uploads\/2023\/10\/WS-Tanz4-4-1024x478.jpg 1024w, http:\/\/image-trackers.de\/wp-content\/uploads\/2023\/10\/WS-Tanz4-4-300x140.jpg 300w, http:\/\/image-trackers.de\/wp-content\/uploads\/2023\/10\/WS-Tanz4-4-768x358.jpg 768w, http:\/\/image-trackers.de\/wp-content\/uploads\/2023\/10\/WS-Tanz4-4.jpg 1200w\" sizes=\"auto, (max-width: 767px) 89vw, (max-width: 1000px) 54vw, (max-width: 1071px) 543px, 580px\" \/><\/figure>\n\n\n\n<p><strong>Foto-Shooting \u201eTanz\u201c<\/strong><\/p>\n\n\n\n<p>Es wird dabei thematisch vom klassischen Ballett, \u00fcber den Tango, bis hin zum Rock`n-Roll gehen. F\u00fcr jedes Genre ist ein Shooting mit je einem Termin geplant. Es werden f\u00fcr die Shootings jeweils unterschiedliche Ausleuchtungen eingerichtet und fotografisch umgesetzt. Fotografiert wird ausschlie\u00dflich mit LED-Licht.<\/p>\n\n\n\n<p><strong>Folgendes Equipment wird zum Testen zur Verf\u00fcgung stehen:<\/strong><\/p>\n\n\n\n<p>1x M600Bi &#8211; BiColor LED 740W, 1x P120H &#8211; Octa Parabol Softbox 120cm, 1x SL300III Bi &#8211; LED&nbsp; Bi-Color, 1x LED 100W-Fl\u00e4chenleuchte, 3x LED-60W Rundstrahler, 2x TL120 &#8211; RGB Tube Light. Dazu versch. Softboxen, Stative usw..<\/p>\n\n\n\n<p>Es sollen sowohl die klassischen Figuren f\u00fcr jedes Genre einzeln, als auch der Tanz an sich fotografiert werden. Das Shooting teilt sich dadurch in zwei Teile auf:<\/p>\n\n\n\n<p><strong>Teil l:<\/strong>&nbsp;&nbsp;&nbsp;<\/p>\n\n\n\n<p>Stills von einzelnen typischen Tanzfiguren\/Schritten\/Posen<\/p>\n\n\n\n<figure class=\"wp-block-image size-large\"><img loading=\"lazy\" decoding=\"async\" width=\"1024\" height=\"612\" src=\"http:\/\/image-trackers.de\/wp-content\/uploads\/2023\/10\/foto2-1024x612.jpg\" alt=\"\" class=\"wp-image-461\" srcset=\"http:\/\/image-trackers.de\/wp-content\/uploads\/2023\/10\/foto2-1024x612.jpg 1024w, http:\/\/image-trackers.de\/wp-content\/uploads\/2023\/10\/foto2-300x179.jpg 300w, http:\/\/image-trackers.de\/wp-content\/uploads\/2023\/10\/foto2-768x459.jpg 768w, http:\/\/image-trackers.de\/wp-content\/uploads\/2023\/10\/foto2.jpg 1135w\" sizes=\"auto, (max-width: 767px) 89vw, (max-width: 1000px) 54vw, (max-width: 1071px) 543px, 580px\" \/><\/figure>\n\n\n\n<p>Dabei sollen auch Close-ups von F\u00fc\u00dfen usw. gemacht werden. Entsprechend werden unterschiedliche Ausleuchtungen erarbeitet und eingerichtet.<\/p>\n\n\n\n<figure class=\"wp-block-image size-large\"><img loading=\"lazy\" decoding=\"async\" width=\"1024\" height=\"559\" src=\"http:\/\/image-trackers.de\/wp-content\/uploads\/2023\/11\/WBZ6227_Radiant-1024x559.jpg\" alt=\"\" class=\"wp-image-504\" srcset=\"http:\/\/image-trackers.de\/wp-content\/uploads\/2023\/11\/WBZ6227_Radiant-1024x559.jpg 1024w, http:\/\/image-trackers.de\/wp-content\/uploads\/2023\/11\/WBZ6227_Radiant-300x164.jpg 300w, http:\/\/image-trackers.de\/wp-content\/uploads\/2023\/11\/WBZ6227_Radiant-768x419.jpg 768w, http:\/\/image-trackers.de\/wp-content\/uploads\/2023\/11\/WBZ6227_Radiant-1536x838.jpg 1536w, http:\/\/image-trackers.de\/wp-content\/uploads\/2023\/11\/WBZ6227_Radiant.jpg 2000w\" sizes=\"auto, (max-width: 767px) 89vw, (max-width: 1000px) 54vw, (max-width: 1071px) 543px, 580px\" \/><\/figure>\n\n\n\n<p><\/p>\n\n\n\n<figure class=\"wp-block-image size-large\"><img loading=\"lazy\" decoding=\"async\" width=\"757\" height=\"1024\" src=\"http:\/\/image-trackers.de\/wp-content\/uploads\/2023\/11\/HDD6798-757x1024.jpg\" alt=\"\" class=\"wp-image-505\" srcset=\"http:\/\/image-trackers.de\/wp-content\/uploads\/2023\/11\/HDD6798-757x1024.jpg 757w, http:\/\/image-trackers.de\/wp-content\/uploads\/2023\/11\/HDD6798-222x300.jpg 222w, http:\/\/image-trackers.de\/wp-content\/uploads\/2023\/11\/HDD6798-768x1039.jpg 768w, http:\/\/image-trackers.de\/wp-content\/uploads\/2023\/11\/HDD6798-1136x1536.jpg 1136w, http:\/\/image-trackers.de\/wp-content\/uploads\/2023\/11\/HDD6798.jpg 1479w\" sizes=\"auto, (max-width: 706px) 89vw, (max-width: 767px) 82vw, 740px\" \/><\/figure>\n\n\n\n<p><\/p>\n\n\n\n<p><strong>Teil ll:<\/strong><\/p>\n\n\n\n<p>Aufnahmen des jeweiligen Tanzes an sich (in Bewegung)<\/p>\n\n\n\n<figure class=\"wp-block-image size-large\"><img loading=\"lazy\" decoding=\"async\" width=\"1024\" height=\"444\" src=\"http:\/\/image-trackers.de\/wp-content\/uploads\/2023\/10\/foto3-1024x444.jpg\" alt=\"\" class=\"wp-image-463\" srcset=\"http:\/\/image-trackers.de\/wp-content\/uploads\/2023\/10\/foto3-1024x444.jpg 1024w, http:\/\/image-trackers.de\/wp-content\/uploads\/2023\/10\/foto3-300x130.jpg 300w, http:\/\/image-trackers.de\/wp-content\/uploads\/2023\/10\/foto3-768x333.jpg 768w, http:\/\/image-trackers.de\/wp-content\/uploads\/2023\/10\/foto3.jpg 1179w\" sizes=\"auto, (max-width: 767px) 89vw, (max-width: 1000px) 54vw, (max-width: 1071px) 543px, 580px\" \/><\/figure>\n\n\n\n<p><\/p>\n\n\n\n<p><strong><u>Geplante Genres:<\/u><\/strong><\/p>\n\n\n\n<p>Ballett, Tango, Flamenco, Can Can, Charleston, Boogie, Rock\u00b4n Roll<\/p>\n\n\n\n<p>Shooting-Time: je ca. 3 Std.,<\/p>\n\n\n\n<p>Max. 6 Teilnehmer je Shooting,<\/p>\n\n\n\n<p>Zeitraum der Shootings: 15.10. bis 30.11.2023 (verl. bis 15.12.2023 m\u00f6glich!)<\/p>\n\n\n\n<p>Die Locations werden voraussichtlich alle in Dortmund und Umgebung sein!<\/p>\n\n\n\n<p><strong>Zum Abschluss des Workshops ist eine Fotoausstellung in Dortmund geplant!<\/strong><\/p>\n\n\n\n<p><\/p>\n\n\n\n<h2 class=\"wp-block-heading\"><strong><em>Es k\u00f6nnen noch Tanz-Genres bzw, Zusatz-Shootings auf den freien Terminen dazukommen!<\/em><\/strong><\/h2>\n\n\n\n<h2 class=\"wp-block-heading\"><strong>Termine Workshop \u201eTanz\u201c&nbsp;&nbsp;&nbsp;&nbsp;&nbsp;&nbsp;&nbsp;&nbsp;&nbsp;&nbsp;&nbsp;&nbsp;&nbsp;&nbsp;&nbsp;&nbsp;&nbsp;&nbsp;&nbsp;&nbsp;&nbsp;&nbsp;&nbsp;&nbsp;&nbsp;&nbsp;&nbsp; &nbsp;&nbsp;&nbsp;&nbsp;&nbsp;&nbsp;&nbsp;&nbsp;&nbsp; &nbsp;&nbsp;&nbsp;&nbsp;&nbsp;&nbsp;&nbsp;&nbsp;&nbsp; (Stand 01.10.2023)<\/strong><\/h2>\n\n\n\n<p class=\"has-text-align-left\"><strong>Oktober<\/strong><\/p>\n\n\n\n<p class=\"has-text-align-left\">15.10.23&nbsp;&nbsp;&nbsp;&nbsp;&nbsp;&nbsp;&nbsp;&nbsp;&nbsp;&nbsp;&nbsp;&nbsp;    9  \u2013 15 Uhr&nbsp;&nbsp;&nbsp;&nbsp;&nbsp; Halle HF2&nbsp; &nbsp;&nbsp;&nbsp;&nbsp;&nbsp;&nbsp;&nbsp;&nbsp;&nbsp;&nbsp;&nbsp;&nbsp;&nbsp;  \u201eRock\u00b4n\u00b4Roll\u201c&nbsp;&nbsp;&nbsp;&nbsp;&nbsp;&nbsp;&nbsp;&nbsp;&nbsp;&nbsp;&nbsp;&nbsp;&nbsp;&nbsp;&nbsp;&nbsp;&nbsp; <strong>ausgebucht!<\/strong><\/p>\n\n\n\n<p class=\"has-text-align-left\">21.10.23&nbsp;&nbsp;&nbsp;&nbsp;&nbsp;&nbsp;&nbsp;&nbsp;&nbsp;&nbsp;&nbsp;&nbsp;    9  \u2013 14 Uhr &nbsp;&nbsp;&nbsp;&nbsp;&nbsp; Lifecenter&nbsp;&nbsp;&nbsp; &nbsp;&nbsp;&nbsp;&nbsp;&nbsp;&nbsp;&nbsp;&nbsp;&nbsp;&nbsp;\u201eStandard- und Lateint\u00e4nze\u201c<\/p>\n\n\n\n<p class=\"has-text-align-left\">22.10.23&nbsp;&nbsp;&nbsp;&nbsp;&nbsp;&nbsp;&nbsp;&nbsp;&nbsp;&nbsp;&nbsp;&nbsp; 13 \u2013 16 Uhr &nbsp;&nbsp;&nbsp;&nbsp;&nbsp;&nbsp;&nbsp; Halle HF2 &nbsp;&nbsp;&nbsp;&nbsp;&nbsp;&nbsp;&nbsp;&nbsp;&nbsp;&nbsp;&nbsp;&nbsp;&nbsp; \u201eStandard- und Lateint\u00e4nze 2\u201c<\/p>\n\n\n\n<p class=\"has-text-align-left\">28.10.23&nbsp;&nbsp;&nbsp;&nbsp;&nbsp;&nbsp;&nbsp;&nbsp;&nbsp;&nbsp;&nbsp;&nbsp;&nbsp;&nbsp;&nbsp;&nbsp;&nbsp;&nbsp;&nbsp;&nbsp;&nbsp;&nbsp;&nbsp;&nbsp;&nbsp;&nbsp;&nbsp;&nbsp;&nbsp;&nbsp;&nbsp;&nbsp;&nbsp;&nbsp;&nbsp;&nbsp;&nbsp;&nbsp;&nbsp; n.n&nbsp;.&nbsp;&nbsp;&nbsp;&nbsp;&nbsp;&nbsp;&nbsp;&nbsp;&nbsp;&nbsp;&nbsp;&nbsp;&nbsp;&nbsp;&nbsp;&nbsp;&nbsp;&nbsp;&nbsp;&nbsp;&nbsp;&nbsp;&nbsp;&nbsp;&nbsp;&nbsp;&nbsp;&nbsp;&nbsp;&nbsp;&nbsp;&nbsp;&nbsp;&nbsp;&nbsp;              &#8222;Balett&#8220;<\/p>\n\n\n\n<p class=\"has-text-align-left\">29.10.23&nbsp;&nbsp;&nbsp;&nbsp;&nbsp;&nbsp;&nbsp;&nbsp;&nbsp;&nbsp;&nbsp;&nbsp;&nbsp;&nbsp;&nbsp;&nbsp;&nbsp;&nbsp;&nbsp;&nbsp;&nbsp;&nbsp;&nbsp;&nbsp;&nbsp;&nbsp;&nbsp;&nbsp;&nbsp;&nbsp;&nbsp;&nbsp;&nbsp;&nbsp;&nbsp;&nbsp;&nbsp;&nbsp;&nbsp; n.n.&nbsp;&nbsp;&nbsp;&nbsp;&nbsp;&nbsp;&nbsp;&nbsp;&nbsp;&nbsp;&nbsp;&nbsp;&nbsp;&nbsp;&nbsp;&nbsp;&nbsp;&nbsp;&nbsp;&nbsp;&nbsp;&nbsp;&nbsp;&nbsp;&nbsp;&nbsp;&nbsp;&nbsp;&nbsp;&nbsp;&nbsp;&nbsp;&nbsp;&nbsp;&nbsp;&nbsp;              &#8222;Balett&#8220;<\/p>\n\n\n\n<p class=\"has-text-align-left\"><strong>November<\/strong><\/p>\n\n\n\n<p class=\"has-text-align-left\">04.11.23&nbsp;&nbsp;&nbsp;&nbsp;&nbsp;&nbsp;&nbsp;&nbsp;&nbsp;&nbsp;&nbsp;&nbsp;      9 \u2013 14 Uhr&nbsp;&nbsp;&nbsp;&nbsp;&nbsp;&nbsp;&nbsp;&nbsp;Lifecenter&nbsp;&nbsp;&nbsp;&nbsp;&nbsp;&nbsp;&nbsp;&nbsp;&nbsp;&nbsp;&nbsp; \u201eCharleston und Can Can\u201c<\/p>\n\n\n\n<p class=\"has-text-align-left\">05.11.2023&nbsp;&nbsp;&nbsp;&nbsp;&nbsp;&nbsp;&nbsp;&nbsp;&nbsp;&nbsp;&nbsp;&nbsp;&nbsp;&nbsp;&nbsp;&nbsp;&nbsp;&nbsp;&nbsp;&nbsp;&nbsp;&nbsp;&nbsp;&nbsp;&nbsp;&nbsp;&nbsp;&nbsp;&nbsp;&nbsp;&nbsp;&nbsp;&nbsp;&nbsp;&nbsp; n.n&nbsp;.&nbsp;&nbsp;&nbsp;&nbsp;&nbsp;&nbsp;&nbsp;&nbsp;&nbsp;&nbsp;&nbsp;&nbsp;&nbsp;&nbsp;&nbsp;&nbsp;&nbsp;&nbsp;&nbsp;&nbsp;&nbsp; &nbsp;&nbsp;&nbsp;&nbsp;&nbsp;&nbsp;&nbsp;&nbsp;&nbsp;&nbsp;&nbsp;&nbsp;&nbsp;             &#8222;Flamenco&#8220;<\/p>\n\n\n\n<p class=\"has-text-align-left\">11-11.2023&nbsp;&nbsp;&nbsp;&nbsp;&nbsp;&nbsp;&nbsp;&nbsp;&nbsp;&nbsp;&nbsp;&nbsp;&nbsp;&nbsp;&nbsp;&nbsp;&nbsp;&nbsp;&nbsp;&nbsp;&nbsp;&nbsp;&nbsp;&nbsp;&nbsp;&nbsp;&nbsp;&nbsp;&nbsp;&nbsp;&nbsp;&nbsp;&nbsp;&nbsp;&nbsp;&nbsp;&nbsp;&nbsp;&nbsp;&nbsp;&nbsp;&nbsp;&nbsp;&nbsp;&nbsp;&nbsp;&nbsp;&nbsp;&nbsp;&nbsp;&nbsp;&nbsp;&nbsp;&nbsp;&nbsp;&nbsp;&nbsp;&nbsp;&nbsp;&nbsp;&nbsp;&nbsp;&nbsp;&nbsp;&nbsp;&nbsp;&nbsp;&nbsp;&nbsp;&nbsp;&nbsp;&nbsp;&nbsp;&nbsp;&nbsp;&nbsp;                  &#8222;Tango 1&#8220;        <\/p>\n\n\n\n<p class=\"has-text-align-left\">12.11.2023         offen<\/p>\n\n\n\n<p class=\"has-text-align-left\">18.11.2023&nbsp;&nbsp;&nbsp;&nbsp;&nbsp;&nbsp;&nbsp;&nbsp;&nbsp;&nbsp;&nbsp;&nbsp;&nbsp;&nbsp;&nbsp;&nbsp;&nbsp;&nbsp;&nbsp;&nbsp;&nbsp;&nbsp;&nbsp;&nbsp;&nbsp;&nbsp;&nbsp;&nbsp;&nbsp;&nbsp;&nbsp;&nbsp;&nbsp;&nbsp;&nbsp;&nbsp;&nbsp;&nbsp;&nbsp;&nbsp;&nbsp;&nbsp;&nbsp;&nbsp;&nbsp;&nbsp;&nbsp;&nbsp;&nbsp;&nbsp;&nbsp;&nbsp;&nbsp;&nbsp;&nbsp;&nbsp;&nbsp;&nbsp;&nbsp;&nbsp;&nbsp;&nbsp;&nbsp;&nbsp;&nbsp;&nbsp;&nbsp;&nbsp;&nbsp;&nbsp;&nbsp;&nbsp;&nbsp;&nbsp;&nbsp;&nbsp;                  &#8220; Tango 2&#8243;<\/p>\n\n\n\n<p class=\"has-text-align-left\">19.11.2023          offen                           <\/p>\n\n\n\n<p class=\"has-text-align-left\">25.11.2023          offen<\/p>\n\n\n\n<p class=\"has-text-align-left\">25.11.2023          offen<\/p>\n\n\n\n<h2 class=\"wp-block-heading\">Anmeldungen werden unter <a href=\"mailto:info@image-trackers.de\">info@image-trackers.de<\/a> ab sofort entgegengenommen!<\/h2>\n","protected":false},"excerpt":{"rendered":"<p>Foto-Shooting \u201eTanz\u201c Es wird dabei thematisch vom klassischen Ballett, \u00fcber den Tango, bis hin zum Rock`n-Roll gehen. F\u00fcr jedes Genre ist ein Shooting mit je einem Termin geplant. Es werden f\u00fcr die Shootings jeweils unterschiedliche Ausleuchtungen eingerichtet und fotografisch umgesetzt. Fotografiert wird ausschlie\u00dflich mit LED-Licht. Folgendes Equipment wird zum Testen zur Verf\u00fcgung stehen: 1x M600Bi &hellip; <\/p>\n<p class=\"link-more\"><a href=\"http:\/\/image-trackers.de\/?p=459\" class=\"more-link\"><span class=\"screen-reader-text\">\u201eWorkshop Shooting &#8222;Tanzen&#8220; mit LED-Dauerlicht\u201c <\/span>weiterlesen<\/a><\/p>\n","protected":false},"author":1,"featured_media":0,"comment_status":"open","ping_status":"open","sticky":false,"template":"","format":"standard","meta":{"footnotes":""},"categories":[1],"tags":[],"class_list":["post-459","post","type-post","status-publish","format-standard","hentry","category-uncategorized"],"_links":{"self":[{"href":"http:\/\/image-trackers.de\/index.php?rest_route=\/wp\/v2\/posts\/459","targetHints":{"allow":["GET"]}}],"collection":[{"href":"http:\/\/image-trackers.de\/index.php?rest_route=\/wp\/v2\/posts"}],"about":[{"href":"http:\/\/image-trackers.de\/index.php?rest_route=\/wp\/v2\/types\/post"}],"author":[{"embeddable":true,"href":"http:\/\/image-trackers.de\/index.php?rest_route=\/wp\/v2\/users\/1"}],"replies":[{"embeddable":true,"href":"http:\/\/image-trackers.de\/index.php?rest_route=%2Fwp%2Fv2%2Fcomments&post=459"}],"version-history":[{"count":7,"href":"http:\/\/image-trackers.de\/index.php?rest_route=\/wp\/v2\/posts\/459\/revisions"}],"predecessor-version":[{"id":506,"href":"http:\/\/image-trackers.de\/index.php?rest_route=\/wp\/v2\/posts\/459\/revisions\/506"}],"wp:attachment":[{"href":"http:\/\/image-trackers.de\/index.php?rest_route=%2Fwp%2Fv2%2Fmedia&parent=459"}],"wp:term":[{"taxonomy":"category","embeddable":true,"href":"http:\/\/image-trackers.de\/index.php?rest_route=%2Fwp%2Fv2%2Fcategories&post=459"},{"taxonomy":"post_tag","embeddable":true,"href":"http:\/\/image-trackers.de\/index.php?rest_route=%2Fwp%2Fv2%2Ftags&post=459"}],"curies":[{"name":"wp","href":"https:\/\/api.w.org\/{rel}","templated":true}]}}