{"id":550,"date":"2024-02-11T14:14:37","date_gmt":"2024-02-11T14:14:37","guid":{"rendered":"http:\/\/image-trackers.de\/?p=550"},"modified":"2024-02-11T14:14:37","modified_gmt":"2024-02-11T14:14:37","slug":"vernissage-zur-fotoausstellung-making-of","status":"publish","type":"post","link":"http:\/\/image-trackers.de\/?p=550","title":{"rendered":"Vernissage zur Fotoausstellung &#8222;Making of&#8220;"},"content":{"rendered":"\n<figure class=\"wp-block-image size-large\"><img loading=\"lazy\" decoding=\"async\" width=\"1024\" height=\"684\" src=\"http:\/\/image-trackers.de\/wp-content\/uploads\/2024\/02\/mail-IMG_704-3676-1024x684.jpg\" alt=\"\" class=\"wp-image-551\" srcset=\"http:\/\/image-trackers.de\/wp-content\/uploads\/2024\/02\/mail-IMG_704-3676-1024x684.jpg 1024w, http:\/\/image-trackers.de\/wp-content\/uploads\/2024\/02\/mail-IMG_704-3676-300x200.jpg 300w, http:\/\/image-trackers.de\/wp-content\/uploads\/2024\/02\/mail-IMG_704-3676-768x513.jpg 768w, http:\/\/image-trackers.de\/wp-content\/uploads\/2024\/02\/mail-IMG_704-3676-1536x1026.jpg 1536w, http:\/\/image-trackers.de\/wp-content\/uploads\/2024\/02\/mail-IMG_704-3676.jpg 1800w\" sizes=\"auto, (max-width: 767px) 89vw, (max-width: 1000px) 54vw, (max-width: 1071px) 543px, 580px\" \/><\/figure>\n\n\n\n<p>Unser Vernissage zur Er\u00f6ffnung der Fotoausstellung &#8222;Making of -Ein Fotobuch&#8220; war gut besucht. Zahlreiche Fotofreund*innen aus der nahen und fernen Umgebung informierten sich \u00fcber das Projekt.<\/p>\n\n\n\n<p><strong>Bilder kuratieren als Alternative!<\/strong><\/p>\n\n\n\n<p>Gerade im \u201eBilder kuratieren\u201c sehe ich f\u00fcr Fotogemeinschaften und Fotoclubs eine sinnvolle Alternative zu den regelm\u00e4\u00dfigen, ewiggleichen und meist unzul\u00e4nglichen, internen \u201eFotowettbewerben\u201c! Statt einzelne Bilder in einen Wettbewerb zu schicken, halte ich es f\u00fcr sinnvoller gemeinsam das \u201eKuratieren und Redegieren\u201c zu trainieren, und den Prozess f\u00fcr das Entstehen eines Fotobuchs dazu als gruppendynamisches Erlebnis zu zelebrieren!<\/p>\n\n\n\n<p>Die Bandbreite der Teilnehmer*innen reichte beim ersten Workshop vom klassischen Anf\u00e4nger bis zum studierten K\u00fcnstler; die in der Ausstellung zu sehende Ergebnisse k\u00f6nnen nat\u00fcrlich nur ansatzweise den Transformationsprozess vom Einzelbild zur Fotostrecke der Einzelnen Teilnehmer*innen zeigen, machen aber Mut weitere Workshops anzubieten!<\/p>\n\n\n\n<p><strong>Hinweis: F\u00fcr Anfang Mai ist der Start zum 2. Workshop zum Thema &#8222;Wie mache ich ein Fotobuch&#8220; geplant! Weitere Informationen dazu findet Ihr in k\u00fcrze hier!<\/strong><\/p>\n","protected":false},"excerpt":{"rendered":"<p>Unser Vernissage zur Er\u00f6ffnung der Fotoausstellung &#8222;Making of -Ein Fotobuch&#8220; war gut besucht. Zahlreiche Fotofreund*innen aus der nahen und fernen Umgebung informierten sich \u00fcber das Projekt. Bilder kuratieren als Alternative! Gerade im \u201eBilder kuratieren\u201c sehe ich f\u00fcr Fotogemeinschaften und Fotoclubs eine sinnvolle Alternative zu den regelm\u00e4\u00dfigen, ewiggleichen und meist unzul\u00e4nglichen, internen \u201eFotowettbewerben\u201c! Statt einzelne Bilder &hellip; <\/p>\n<p class=\"link-more\"><a href=\"http:\/\/image-trackers.de\/?p=550\" class=\"more-link\"><span class=\"screen-reader-text\">\u201eVernissage zur Fotoausstellung &#8222;Making of&#8220;\u201c <\/span>weiterlesen<\/a><\/p>\n","protected":false},"author":1,"featured_media":0,"comment_status":"open","ping_status":"open","sticky":false,"template":"","format":"standard","meta":{"footnotes":""},"categories":[1],"tags":[],"class_list":["post-550","post","type-post","status-publish","format-standard","hentry","category-uncategorized"],"_links":{"self":[{"href":"http:\/\/image-trackers.de\/index.php?rest_route=\/wp\/v2\/posts\/550","targetHints":{"allow":["GET"]}}],"collection":[{"href":"http:\/\/image-trackers.de\/index.php?rest_route=\/wp\/v2\/posts"}],"about":[{"href":"http:\/\/image-trackers.de\/index.php?rest_route=\/wp\/v2\/types\/post"}],"author":[{"embeddable":true,"href":"http:\/\/image-trackers.de\/index.php?rest_route=\/wp\/v2\/users\/1"}],"replies":[{"embeddable":true,"href":"http:\/\/image-trackers.de\/index.php?rest_route=%2Fwp%2Fv2%2Fcomments&post=550"}],"version-history":[{"count":1,"href":"http:\/\/image-trackers.de\/index.php?rest_route=\/wp\/v2\/posts\/550\/revisions"}],"predecessor-version":[{"id":552,"href":"http:\/\/image-trackers.de\/index.php?rest_route=\/wp\/v2\/posts\/550\/revisions\/552"}],"wp:attachment":[{"href":"http:\/\/image-trackers.de\/index.php?rest_route=%2Fwp%2Fv2%2Fmedia&parent=550"}],"wp:term":[{"taxonomy":"category","embeddable":true,"href":"http:\/\/image-trackers.de\/index.php?rest_route=%2Fwp%2Fv2%2Fcategories&post=550"},{"taxonomy":"post_tag","embeddable":true,"href":"http:\/\/image-trackers.de\/index.php?rest_route=%2Fwp%2Fv2%2Ftags&post=550"}],"curies":[{"name":"wp","href":"https:\/\/api.w.org\/{rel}","templated":true}]}}