{"id":762,"date":"2026-01-23T15:25:47","date_gmt":"2026-01-23T15:25:47","guid":{"rendered":"https:\/\/image-trackers.de\/?p=762"},"modified":"2026-01-23T15:25:47","modified_gmt":"2026-01-23T15:25:47","slug":"kostuem-portrait-workshop","status":"publish","type":"post","link":"http:\/\/image-trackers.de\/?p=762","title":{"rendered":"Kost\u00fcm-Portrait-Workshop"},"content":{"rendered":"\n<p><strong>Foto-Stammtisch Ruhrgebiet\/Dortmund<\/strong><\/p>\n\n\n\n<p>Hallo allerseits,<\/p>\n\n\n\n<p>am 08. Februar 2026 veranstalte ich ein <strong>\u201eKost\u00fcm-Portrait-Shooting\u201c!<\/strong><\/p>\n\n\n\n<p>Es gibt noch <strong>einige freie Pl\u00e4tze<\/strong> f\u00fcr die Veranstaltung- also wer noch teilnehmen m\u00f6chte kann sich noch anmelden!<\/p>\n\n\n\n<figure class=\"wp-block-image size-full\"><img loading=\"lazy\" decoding=\"async\" width=\"633\" height=\"145\" src=\"https:\/\/image-trackers.de\/wp-content\/uploads\/2026\/01\/kAgmqPg2ZrIh84Hs.png\" alt=\"\" class=\"wp-image-763\" srcset=\"http:\/\/image-trackers.de\/wp-content\/uploads\/2026\/01\/kAgmqPg2ZrIh84Hs.png 633w, http:\/\/image-trackers.de\/wp-content\/uploads\/2026\/01\/kAgmqPg2ZrIh84Hs-300x69.png 300w\" sizes=\"auto, (max-width: 633px) 100vw, 633px\" \/><\/figure>\n\n\n\n<p>Beispiele<\/p>\n\n\n\n<p>Thematisch soll es darum gehen die Posen und Lichtsetzung alter, bzw. ber\u00fchmter Portraits nachzustellen!<\/p>\n\n\n\n<p>Es werden Lin-Up\u00b4s f\u00fcr Portraits mit Blitz-Anlage(n) und entsprechende Models zur Verf\u00fcgung stehen!<\/p>\n\n\n\n<p><strong>Eine verbindliche Anmeldung ist bis zum 01.02.2026 erforderlich!<\/strong><\/p>\n\n\n\n<p><strong>Kostenbeitrag: 40 \u20ac<\/strong><\/p>\n\n\n\n<p><\/p>\n\n\n\n<p><strong><u>Veranstaltungsort:<\/u><\/strong><\/p>\n\n\n\n<p>Gartenvereins Hans-B\u00f6ckler e.V,<\/p>\n\n\n\n<p>Johannes Gronowski Str. 11,&nbsp;&nbsp;&nbsp;&nbsp;&nbsp;&nbsp;&nbsp;&nbsp;&nbsp;&nbsp;&nbsp;&nbsp;&nbsp;&nbsp;&nbsp;&nbsp;&nbsp;&nbsp;&nbsp;&nbsp;&nbsp;&nbsp;&nbsp;&nbsp;&nbsp;&nbsp;&nbsp;&nbsp;&nbsp;&nbsp;&nbsp;&nbsp;&nbsp;&nbsp;&nbsp;&nbsp;&nbsp;&nbsp;&nbsp;&nbsp;&nbsp;&nbsp;&nbsp;&nbsp;&nbsp;&nbsp;&nbsp;&nbsp;&nbsp;&nbsp;&nbsp;<\/p>\n\n\n\n<p>4263 Dortmund<\/p>\n\n\n\n<p>Hier der direkte Google-Link: <a href=\"https:\/\/maps.app.goo.gl\/AmefnQEHg4GFZAsh6\">https:\/\/maps.app.goo.gl\/AmefnQEHg4GFZAsh6<\/a><\/p>\n\n\n\n<p><strong>Anmeldung ab sofort unter:<\/strong> <a href=\"mailto:info@image-trackers.de\">info@image-trackers.de<\/a><br><br><br>Viele Gr\u00fc\u00dfe<br><br>Dieter<\/p>\n","protected":false},"excerpt":{"rendered":"<p>Foto-Stammtisch Ruhrgebiet\/Dortmund Hallo allerseits, am 08. Februar 2026 veranstalte ich ein \u201eKost\u00fcm-Portrait-Shooting\u201c! Es gibt noch einige freie Pl\u00e4tze f\u00fcr die Veranstaltung- also wer noch teilnehmen m\u00f6chte kann sich noch anmelden! Beispiele Thematisch soll es darum gehen die Posen und Lichtsetzung alter, bzw. ber\u00fchmter Portraits nachzustellen! Es werden Lin-Up\u00b4s f\u00fcr Portraits mit Blitz-Anlage(n) und entsprechende Models &hellip; <\/p>\n<p class=\"link-more\"><a href=\"http:\/\/image-trackers.de\/?p=762\" class=\"more-link\"><span class=\"screen-reader-text\">\u201eKost\u00fcm-Portrait-Workshop\u201c <\/span>weiterlesen<\/a><\/p>\n","protected":false},"author":1,"featured_media":0,"comment_status":"open","ping_status":"open","sticky":false,"template":"","format":"standard","meta":{"footnotes":""},"categories":[1],"tags":[],"class_list":["post-762","post","type-post","status-publish","format-standard","hentry","category-uncategorized"],"_links":{"self":[{"href":"http:\/\/image-trackers.de\/index.php?rest_route=\/wp\/v2\/posts\/762","targetHints":{"allow":["GET"]}}],"collection":[{"href":"http:\/\/image-trackers.de\/index.php?rest_route=\/wp\/v2\/posts"}],"about":[{"href":"http:\/\/image-trackers.de\/index.php?rest_route=\/wp\/v2\/types\/post"}],"author":[{"embeddable":true,"href":"http:\/\/image-trackers.de\/index.php?rest_route=\/wp\/v2\/users\/1"}],"replies":[{"embeddable":true,"href":"http:\/\/image-trackers.de\/index.php?rest_route=%2Fwp%2Fv2%2Fcomments&post=762"}],"version-history":[{"count":1,"href":"http:\/\/image-trackers.de\/index.php?rest_route=\/wp\/v2\/posts\/762\/revisions"}],"predecessor-version":[{"id":764,"href":"http:\/\/image-trackers.de\/index.php?rest_route=\/wp\/v2\/posts\/762\/revisions\/764"}],"wp:attachment":[{"href":"http:\/\/image-trackers.de\/index.php?rest_route=%2Fwp%2Fv2%2Fmedia&parent=762"}],"wp:term":[{"taxonomy":"category","embeddable":true,"href":"http:\/\/image-trackers.de\/index.php?rest_route=%2Fwp%2Fv2%2Fcategories&post=762"},{"taxonomy":"post_tag","embeddable":true,"href":"http:\/\/image-trackers.de\/index.php?rest_route=%2Fwp%2Fv2%2Ftags&post=762"}],"curies":[{"name":"wp","href":"https:\/\/api.w.org\/{rel}","templated":true}]}}