{"id":130,"date":"2019-05-18T12:27:12","date_gmt":"2019-05-18T12:27:12","guid":{"rendered":"http:\/\/image-trackers.de\/?p=130"},"modified":"2019-05-18T12:27:12","modified_gmt":"2019-05-18T12:27:12","slug":"call-for-pictures","status":"publish","type":"post","link":"https:\/\/image-trackers.de\/?p=130","title":{"rendered":"Call for Pictures"},"content":{"rendered":"<p><strong>Liebe Fotografierende<\/strong>,<br \/>\nes ist geschafft \u201eimage-trackers\u201c &#8211; Die Pop-Up-Galerie f\u00fcr Fotografie hat die erste Ausstellung am 10. Mai 2019 in Dortmund-Brechten gestartet! Da es auch f\u00fcr uns hei\u00dft \u201enach dem Spiel ist vor dem Spiel\u201c, und der Start f\u00fcr die zweite Ausstellung f\u00fcr den <strong>21. Juni<\/strong> geplant ist, hier unser Bewerbungs-aufruf f\u00fcr die 2. Ausstellung in Dortmund Brechten! Die begleitende K\u00fcnstlerin aus dem B-reich Malerei wird dann <strong>Beate Wolf<\/strong> sein. Das Thema lautet diesmal:<\/p>\n<p><strong>\u201eFarbe trifft Fotografie\u201c oder \u201ealles so sch\u00f6n bunt hier\u201c!<\/strong><br \/>\nGesucht werden Fotoarbeiten, die sich mit Farbe\/Buntheit realistisch oder auch abstrakt auseinandersetzen!<\/p>\n<p>Wer bei der n\u00e4chsten Ausstellung als Fotografin\/Fotograf ausstellen m\u00f6chte, meldet sich bitte mit seinen Vorschl\u00e4gen bis zum 25. Mai unter: <strong>info@image-trackers.de<\/strong>!<\/p>\n<p>Bitte schicken Sie uns ihre Bilderstrecke (max. 20 Fotos, als JPGs, 1500 x 1000 p) und eine kurze Vita zu ihren fotografischen Aktivit\u00e4ten.<\/p>\n<p><strong>Das Pop-Up-Studie startet seine Aktivit\u00e4ten!<\/strong><\/p>\n<p>Dar\u00fcber hinaus steht ab sofort unser Pop-Up-Fotostudio f\u00fcr Foto-Sessions zur Verf\u00fcgung. Sie k\u00f6nnen das Studio gegen eine geringe Geb\u00fchr halb- oder ganztags buchen!<\/p>\n<p>Da wir unsere Pop-Up-Galerie auch neben den Ausstellungen mit Leben f\u00fcllen wollen, werden wir dort in K\u00fcrze Workshops und Seminare rund um das Thema Fotografie anbieten! Geplant sind momentan folgende Workshops:<\/p>\n<p>01.06.2019 Einf\u00fchrung in die Studiofotografie (max. 8 Teilnehmer)<br \/>\n08.06.2019 Produktfotografie (max. 8 Teilnehmer)<br \/>\n18.06.2019 Modell-Shooting (max. 6 Teilnehmer)<\/p>\n<p>Weitere Themen\/Termine folgen! Die Workshops laufen jeweils von 10 bis 18 Uhr, weitere Informationen und Anmeldung unter info@image-trackers.de<\/p>\n","protected":false},"excerpt":{"rendered":"<p>Liebe Fotografierende, es ist geschafft \u201eimage-trackers\u201c &#8211; Die Pop-Up-Galerie f\u00fcr Fotografie hat die erste Ausstellung am 10. Mai 2019 in Dortmund-Brechten gestartet! Da es auch f\u00fcr uns hei\u00dft \u201enach dem Spiel ist vor dem Spiel\u201c, und der Start f\u00fcr die zweite Ausstellung f\u00fcr den 21. Juni geplant ist, hier unser Bewerbungs-aufruf f\u00fcr die 2. Ausstellung &hellip; <\/p>\n<p class=\"link-more\"><a href=\"https:\/\/image-trackers.de\/?p=130\" class=\"more-link\"><span class=\"screen-reader-text\">\u201eCall for Pictures\u201c <\/span>weiterlesen<\/a><\/p>\n","protected":false},"author":1,"featured_media":0,"comment_status":"open","ping_status":"open","sticky":false,"template":"","format":"standard","meta":{"footnotes":""},"categories":[1],"tags":[5,2,3,4],"class_list":["post-130","post","type-post","status-publish","format-standard","hentry","category-uncategorized","tag-foto-seminare","tag-fotoausstellung","tag-pop-up-studio","tag-workshops"],"_links":{"self":[{"href":"https:\/\/image-trackers.de\/index.php?rest_route=\/wp\/v2\/posts\/130","targetHints":{"allow":["GET"]}}],"collection":[{"href":"https:\/\/image-trackers.de\/index.php?rest_route=\/wp\/v2\/posts"}],"about":[{"href":"https:\/\/image-trackers.de\/index.php?rest_route=\/wp\/v2\/types\/post"}],"author":[{"embeddable":true,"href":"https:\/\/image-trackers.de\/index.php?rest_route=\/wp\/v2\/users\/1"}],"replies":[{"embeddable":true,"href":"https:\/\/image-trackers.de\/index.php?rest_route=%2Fwp%2Fv2%2Fcomments&post=130"}],"version-history":[{"count":4,"href":"https:\/\/image-trackers.de\/index.php?rest_route=\/wp\/v2\/posts\/130\/revisions"}],"predecessor-version":[{"id":138,"href":"https:\/\/image-trackers.de\/index.php?rest_route=\/wp\/v2\/posts\/130\/revisions\/138"}],"wp:attachment":[{"href":"https:\/\/image-trackers.de\/index.php?rest_route=%2Fwp%2Fv2%2Fmedia&parent=130"}],"wp:term":[{"taxonomy":"category","embeddable":true,"href":"https:\/\/image-trackers.de\/index.php?rest_route=%2Fwp%2Fv2%2Fcategories&post=130"},{"taxonomy":"post_tag","embeddable":true,"href":"https:\/\/image-trackers.de\/index.php?rest_route=%2Fwp%2Fv2%2Ftags&post=130"}],"curies":[{"name":"wp","href":"https:\/\/api.w.org\/{rel}","templated":true}]}}