{"id":16,"date":"2019-04-21T12:52:53","date_gmt":"2019-04-21T12:52:53","guid":{"rendered":"http:\/\/image-trackers.de\/?p=16"},"modified":"2019-05-19T11:02:27","modified_gmt":"2019-05-19T11:02:27","slug":"was-wir-wollen","status":"publish","type":"post","link":"https:\/\/image-trackers.de\/?p=16","title":{"rendered":"Das &#8222;image-trackers&#8220;-Projekt"},"content":{"rendered":"\n<p><strong>Was wir wollen<\/strong>!<\/p>\n\n\n\n<p><strong>\u201e<\/strong><strong>image<\/strong><strong>&#8211;<\/strong><strong>trackers<\/strong><strong>\u201c<\/strong><strong> <\/strong><strong>&#8211; Die Pop-Up-Galerie f\u00fcr Fotografie<\/strong><\/p>\n\n\n\n<p>Das\nProjekt \u201eimage-trackers\u201c bietet neue M\u00f6glichkeiten f\u00fcr Fotografen ihre Bilder wieder\naus der \u201eUnendlichkeit des Digitalen\u201c zur\u00fcckzuholen, und sie dem Betrachter\nwieder haptisch, also wie fr\u00fcher als Papierbild, erfahrbar zu machen. Anders\nausgedr\u00fcckt, \u201eimage-trackers\u201c will Fotos vom Monitor wieder aufs Papier\nbringen, und diese Papier-Bilder der \u00d6ffentlichkeit pr\u00e4sentieren. Da die\nklassischen Ausstellungsorte f\u00fcr Fotografien, wie Museen und Galerien, meist den\ns.g. Top-K\u00fcnstlern vorbehalten sind, gilt es neue M\u00f6glichkeiten f\u00fcr\nFotoausstellungen zu generieren! Eine gar nicht so ganz neue Idee ist die\n\u201ePop-Up-Galerie\u201c. In den Metropolen der Welt haben diese Pop-Up-Galerien seit\neinigen Jahren schon einen festen Platz in der Kulturszene gefunden. \u201eimage-trackers\u201c\nwill diese Art der Kunstausstellungen nun auch dauerhaft nach Dortmund und ins\nRuhrgebiet bringen. <\/p>\n\n\n\n<p><strong>Was ist eine Pop-Up-Galerie?<\/strong><\/p>\n\n\n\n<p>Eine Pop-Up-Galerie ist eine tempor\u00e4re\nAusstellungsfl\u00e4che im \u00f6ffentlichen Raum, die f\u00fcr eine begrenzte Zeit ihre\nObjekte dem Publikum zug\u00e4nglich macht. Die Ausstellungsfl\u00e4chen k\u00f6nnen Teil\nbestehender Pr\u00e4sentationsr\u00e4ume sein wie z. B. f\u00fcr die contemporary art ruhr (C.A.R.), PHOTO\/MEDIA ART FAIR (auf\nZollverein) oder die PHOTO POPUP FAIR,\nim stilwerk D\u00fcsseldorf (M\u00f6belhaus), oder in tempor\u00e4r ungenutzten Immobilien wie\nLagerhallen, Ladenlokale oder B\u00fcros f\u00fcr eine begrenzte Zeit installiert werden.\nDie \u201eBespielung\u201c tempor\u00e4r ungenutzter Immobilien bringt f\u00fcr alle Beteiligten Vorteile:\nDen Eigent\u00fcmern\/Vermietern insofern, dass die R\u00e4umlichkeiten in einer Nutzung\nbleiben, die dazu noch die leerstehende Immobilie werbewirksam \u00f6ffentlich\npr\u00e4sentiert. Den K\u00fcnstlern, dass sie mit diesen Fl\u00e4chen Ausstellungsraum\nerhalten um ihre Kunstwerke \u00f6ffentlich zu pr\u00e4sentieren. Eine klassische, und\nweitgehend risikolose Win-Win-Situation f\u00fcr alle Beteiligten!<\/p>\n\n\n\n<p><strong>Was wir tun<\/strong><\/p>\n\n\n\n<p>Wir\nsuchen und organisieren mietfrei tempor\u00e4r ungenutzte R\u00e4umlichkeiten im Gro\u00dfraum\nDortmund, in denen wir Pop-Up-Galerien f\u00fcr Fotografie einrichten. Im Idealfall gelingt\nes mehrere Pop-Up-Galerien im Laufe eines Jahres nacheinander zu organisieren.\nSo k\u00f6nnten beispielsweise vier Ausstellungen im Jahr (pro Quartal eine) an\nunterschiedlichen Standorten bespielt werden. Die Art der Pr\u00e4sentation und das\nLayout der Pop-Up-Galerie(n) sollen dabei genauso variable bleiben wie auch die\nGr\u00f6\u00dfe R\u00e4umlichkeiten. Die Ausstellungen werden so konzipiert das keine\nsubstanziellen Ein- oder Umbauarbeiten notwendig sind, lediglich Strom und\nWasser muss vorhanden sein. Je nach Location werden zus\u00e4tzliche Attraktivit\u00e4ten\nwie Musik, Lesungen oder auch ein Fotostudio die Ausstellungen werbewirksam\nunterst\u00fctzen. Dar\u00fcber hinaus werden wir nat\u00fcrlich auch entsprechend im Web\npr\u00e4sent sein! <\/p>\n\n\n\n<p><strong>Kosten<\/strong><\/p>\n\n\n\n<p>F\u00fcr die ausstellenden Fotografen und K\u00fcnstler entstehen lediglich die Kosten f\u00fcr ihre Bilder, Ausstellungs-Fotos, Rahmung und (anteilig) die Versicherungskosten!<\/p>\n\n\n\n<p><strong>Es geht los! <\/strong><\/p>\n\n\n\n<p><strong>Die erste Ausstellung l\u00e4uft vom 10. Mai (Vernissage, Er\u00f6ffnung) bis zum 15.Juni 2019 in Dortmund-Brechten!<\/strong><\/p>\n\n\n\n<p>Thema: Street-Fotografie\/Stadtlandschaften (Ruhrgebiet).<\/p>\n\n\n\n<p>Der Start f\u00fcr die <strong>zweite Ausstellung<\/strong> <strong>ist f\u00fcr den 21. Juni<\/strong> geplant. Die begleitende K\u00fcnstlerinaus dem Bereich Malerei wird Beate Wolf aus Dortmund sein. Das Thema: \u201eFarbe trifft Fotografie\u201c.<\/p>\n\n\n\n<p><strong>Interessenten die bei unseren Ausstellungen mitmachen m\u00f6chten, k\u00f6nnen sich per Email hier melden: info@image-trackers.de<\/strong><\/p>\n\n\n\n<figure class=\"wp-block-image\"><img decoding=\"async\" src=\"blob:http:\/\/image-trackers.de\/958a0d69-d470-475f-91d8-c9c093b34584\" alt=\"\"\/><\/figure>\n","protected":false},"excerpt":{"rendered":"<p>Was wir wollen! \u201eimage&#8211;trackers\u201c &#8211; Die Pop-Up-Galerie f\u00fcr Fotografie Das Projekt \u201eimage-trackers\u201c bietet neue M\u00f6glichkeiten f\u00fcr Fotografen ihre Bilder wieder aus der \u201eUnendlichkeit des Digitalen\u201c zur\u00fcckzuholen, und sie dem Betrachter wieder haptisch, also wie fr\u00fcher als Papierbild, erfahrbar zu machen. Anders ausgedr\u00fcckt, \u201eimage-trackers\u201c will Fotos vom Monitor wieder aufs Papier bringen, und diese Papier-Bilder der &hellip; <\/p>\n<p class=\"link-more\"><a href=\"https:\/\/image-trackers.de\/?p=16\" class=\"more-link\"><span class=\"screen-reader-text\">\u201eDas &#8222;image-trackers&#8220;-Projekt\u201c <\/span>weiterlesen<\/a><\/p>\n","protected":false},"author":1,"featured_media":0,"comment_status":"open","ping_status":"open","sticky":false,"template":"","format":"standard","meta":{"footnotes":""},"categories":[1],"tags":[],"class_list":["post-16","post","type-post","status-publish","format-standard","hentry","category-uncategorized"],"_links":{"self":[{"href":"https:\/\/image-trackers.de\/index.php?rest_route=\/wp\/v2\/posts\/16","targetHints":{"allow":["GET"]}}],"collection":[{"href":"https:\/\/image-trackers.de\/index.php?rest_route=\/wp\/v2\/posts"}],"about":[{"href":"https:\/\/image-trackers.de\/index.php?rest_route=\/wp\/v2\/types\/post"}],"author":[{"embeddable":true,"href":"https:\/\/image-trackers.de\/index.php?rest_route=\/wp\/v2\/users\/1"}],"replies":[{"embeddable":true,"href":"https:\/\/image-trackers.de\/index.php?rest_route=%2Fwp%2Fv2%2Fcomments&post=16"}],"version-history":[{"count":5,"href":"https:\/\/image-trackers.de\/index.php?rest_route=\/wp\/v2\/posts\/16\/revisions"}],"predecessor-version":[{"id":145,"href":"https:\/\/image-trackers.de\/index.php?rest_route=\/wp\/v2\/posts\/16\/revisions\/145"}],"wp:attachment":[{"href":"https:\/\/image-trackers.de\/index.php?rest_route=%2Fwp%2Fv2%2Fmedia&parent=16"}],"wp:term":[{"taxonomy":"category","embeddable":true,"href":"https:\/\/image-trackers.de\/index.php?rest_route=%2Fwp%2Fv2%2Fcategories&post=16"},{"taxonomy":"post_tag","embeddable":true,"href":"https:\/\/image-trackers.de\/index.php?rest_route=%2Fwp%2Fv2%2Ftags&post=16"}],"curies":[{"name":"wp","href":"https:\/\/api.w.org\/{rel}","templated":true}]}}