{"id":197,"date":"2019-07-09T13:31:33","date_gmt":"2019-07-09T13:31:33","guid":{"rendered":"http:\/\/image-trackers.de\/?p=197"},"modified":"2019-08-01T13:07:46","modified_gmt":"2019-08-01T13:07:46","slug":"2-call-for-pictures","status":"publish","type":"post","link":"https:\/\/image-trackers.de\/?p=197","title":{"rendered":"Last Call for Pictures"},"content":{"rendered":"<h2>Liebe Fotografierende,<\/h2>\n<p>\u201eimage-trackers\u201c &#8211; Die Pop-Up-Galerie f\u00fcr Fotografie startet die Bewer-bungsphase f\u00fcr die 3. Ausstellung, deren Start f\u00fcr den 30. August geplant ist. Diesmal verzichten wir auf ein spezielles Thema! Sie k\u00f6nnen also ihre Fotostrecke frei w\u00e4hlen!<\/p>\n<h2>\u201eVon Akt bis Landschaft\u201c<\/h2>\n<p>Wer bei der 3. Ausstellung (ab 30.08.2019) als Fotografin\/Fotograf ausstellen m\u00f6chte, kann sich bis zum 08. August mit seinen Vorschl\u00e4gen melden bei:<\/p>\n<p><span style=\"color: #0000ff;\">info@image-trackers.de<\/span><\/p>\n<p>Bitte schicken Sie uns ihre Bilderstrecke (max. 20 Fotos, als JPGs, 1500 x 1000 p) und eine kurze Vita zu ihren fotografischen Aktivit\u00e4ten.<\/p>\n<p>\u00a0<\/p>\n<p>\u00a0<\/p>\n<h3>\u00a0<\/h3>\n<h1>\u00a0<\/h1>\n\n\n<figure class=\"wp-block-image is-resized\"><img loading=\"lazy\" decoding=\"async\" src=\"http:\/\/image-trackers.de\/wp-content\/uploads\/2019\/04\/Logo_05.png\" alt=\"\" class=\"wp-image-5\" width=\"447\" height=\"472\" srcset=\"https:\/\/image-trackers.de\/wp-content\/uploads\/2019\/04\/Logo_05.png 945w, https:\/\/image-trackers.de\/wp-content\/uploads\/2019\/04\/Logo_05-284x300.png 284w, https:\/\/image-trackers.de\/wp-content\/uploads\/2019\/04\/Logo_05-768x813.png 768w\" sizes=\"auto, (max-width: 447px) 100vw, 447px\" \/><\/figure>\n","protected":false},"excerpt":{"rendered":"<p>Liebe Fotografierende, \u201eimage-trackers\u201c &#8211; Die Pop-Up-Galerie f\u00fcr Fotografie startet die Bewer-bungsphase f\u00fcr die 3. Ausstellung, deren Start f\u00fcr den 30. August geplant ist. Diesmal verzichten wir auf ein spezielles Thema! Sie k\u00f6nnen also ihre Fotostrecke frei w\u00e4hlen! \u201eVon Akt bis Landschaft\u201c Wer bei der 3. Ausstellung (ab 30.08.2019) als Fotografin\/Fotograf ausstellen m\u00f6chte, kann sich bis &hellip; <\/p>\n<p class=\"link-more\"><a href=\"https:\/\/image-trackers.de\/?p=197\" class=\"more-link\"><span class=\"screen-reader-text\">\u201eLast Call for Pictures\u201c <\/span>weiterlesen<\/a><\/p>\n","protected":false},"author":1,"featured_media":0,"comment_status":"open","ping_status":"open","sticky":false,"template":"","format":"standard","meta":{"footnotes":""},"categories":[1],"tags":[],"class_list":["post-197","post","type-post","status-publish","format-standard","hentry","category-uncategorized"],"_links":{"self":[{"href":"https:\/\/image-trackers.de\/index.php?rest_route=\/wp\/v2\/posts\/197","targetHints":{"allow":["GET"]}}],"collection":[{"href":"https:\/\/image-trackers.de\/index.php?rest_route=\/wp\/v2\/posts"}],"about":[{"href":"https:\/\/image-trackers.de\/index.php?rest_route=\/wp\/v2\/types\/post"}],"author":[{"embeddable":true,"href":"https:\/\/image-trackers.de\/index.php?rest_route=\/wp\/v2\/users\/1"}],"replies":[{"embeddable":true,"href":"https:\/\/image-trackers.de\/index.php?rest_route=%2Fwp%2Fv2%2Fcomments&post=197"}],"version-history":[{"count":5,"href":"https:\/\/image-trackers.de\/index.php?rest_route=\/wp\/v2\/posts\/197\/revisions"}],"predecessor-version":[{"id":204,"href":"https:\/\/image-trackers.de\/index.php?rest_route=\/wp\/v2\/posts\/197\/revisions\/204"}],"wp:attachment":[{"href":"https:\/\/image-trackers.de\/index.php?rest_route=%2Fwp%2Fv2%2Fmedia&parent=197"}],"wp:term":[{"taxonomy":"category","embeddable":true,"href":"https:\/\/image-trackers.de\/index.php?rest_route=%2Fwp%2Fv2%2Fcategories&post=197"},{"taxonomy":"post_tag","embeddable":true,"href":"https:\/\/image-trackers.de\/index.php?rest_route=%2Fwp%2Fv2%2Ftags&post=197"}],"curies":[{"name":"wp","href":"https:\/\/api.w.org\/{rel}","templated":true}]}}