{"id":236,"date":"2020-06-11T12:12:48","date_gmt":"2020-06-11T12:12:48","guid":{"rendered":"http:\/\/image-trackers.de\/?p=236"},"modified":"2020-11-28T11:18:20","modified_gmt":"2020-11-28T11:18:20","slug":"corona-krise","status":"publish","type":"post","link":"https:\/\/image-trackers.de\/?p=236","title":{"rendered":"Corona-Krise"},"content":{"rendered":"\n<figure class=\"wp-block-image size-large is-resized\"><img loading=\"lazy\" decoding=\"async\" src=\"http:\/\/image-trackers.de\/wp-content\/uploads\/2020\/06\/Dieter-SW_010_DxO-845x1024.jpg\" alt=\"\" class=\"wp-image-244\" width=\"412\" height=\"499\" srcset=\"https:\/\/image-trackers.de\/wp-content\/uploads\/2020\/06\/Dieter-SW_010_DxO-845x1024.jpg 845w, https:\/\/image-trackers.de\/wp-content\/uploads\/2020\/06\/Dieter-SW_010_DxO-248x300.jpg 248w, https:\/\/image-trackers.de\/wp-content\/uploads\/2020\/06\/Dieter-SW_010_DxO-768x930.jpg 768w, https:\/\/image-trackers.de\/wp-content\/uploads\/2020\/06\/Dieter-SW_010_DxO-1268x1536.jpg 1268w, https:\/\/image-trackers.de\/wp-content\/uploads\/2020\/06\/Dieter-SW_010_DxO.jpg 1651w\" sizes=\"auto, (max-width: 412px) 100vw, 412px\" \/><\/figure>\n\n\n\n<p>Hallo,<\/p>\n\n\n\n<p>hier sollte schon l\u00e4ngst wieder ein \u201eCall for Pictures\u201c und eine Ausstellungsank\u00fcndigung f\u00fcr die erste Veranstaltung des Jahres 2020 ver\u00f6ffentlicht sein. Aber leider hat uns, mitten in der Akquise f\u00fcr R\u00e4umlichkeiten, Corona \u00fcberrascht. Damit mussten wir alle Aktivit\u00e4ten f\u00fcr unser Projekt \u201eimage-trackers \u2013 Die Pop-Up-Galerie f\u00fcr Fotografie\u201c erst einmal bis auf weitere stoppen. Nat\u00fcrlich soll es das Projekt weiterhin geben, da aber nach Corona alles anders ist als vor Corona, wissen wir noch nicht ob es noch 2020 mit einer Ausstellung klappt. Wir arbeiten daran!<\/p>\n\n\n\n<p>Nat\u00fcrlich kamen \u00dcberlegungen auf, ob man w\u00e4hrend der Corona-Krise unsere Pop-Up-Galerie, wie viele andere, virtuell im Netz veranstalten sollten. Wir haben die Idee aber schnell wieder verworfen, da unser Anspruch \u201eFotos wieder an die Wand zu bringen, und damit auch haptisch erlebbar zu machen\u201c, mit einer virtuellen Pr\u00e4sentation nicht wirklich vereinbar ist! Wenn wir unsere Glaubw\u00fcrdigkeit, was das Projekt \u201eimage-trackers\u201c angeht, aufrecht halten wollen, bleibt uns leider keine andere M\u00f6glichkeit als abzuwarten\u2026<\/p>\n","protected":false},"excerpt":{"rendered":"<p>Hallo, hier sollte schon l\u00e4ngst wieder ein \u201eCall for Pictures\u201c und eine Ausstellungsank\u00fcndigung f\u00fcr die erste Veranstaltung des Jahres 2020 ver\u00f6ffentlicht sein. Aber leider hat uns, mitten in der Akquise f\u00fcr R\u00e4umlichkeiten, Corona \u00fcberrascht. Damit mussten wir alle Aktivit\u00e4ten f\u00fcr unser Projekt \u201eimage-trackers \u2013 Die Pop-Up-Galerie f\u00fcr Fotografie\u201c erst einmal bis auf weitere stoppen. Nat\u00fcrlich &hellip; <\/p>\n<p class=\"link-more\"><a href=\"https:\/\/image-trackers.de\/?p=236\" class=\"more-link\"><span class=\"screen-reader-text\">\u201eCorona-Krise\u201c <\/span>weiterlesen<\/a><\/p>\n","protected":false},"author":1,"featured_media":0,"comment_status":"open","ping_status":"open","sticky":false,"template":"","format":"standard","meta":{"footnotes":""},"categories":[1],"tags":[],"class_list":["post-236","post","type-post","status-publish","format-standard","hentry","category-uncategorized"],"_links":{"self":[{"href":"https:\/\/image-trackers.de\/index.php?rest_route=\/wp\/v2\/posts\/236","targetHints":{"allow":["GET"]}}],"collection":[{"href":"https:\/\/image-trackers.de\/index.php?rest_route=\/wp\/v2\/posts"}],"about":[{"href":"https:\/\/image-trackers.de\/index.php?rest_route=\/wp\/v2\/types\/post"}],"author":[{"embeddable":true,"href":"https:\/\/image-trackers.de\/index.php?rest_route=\/wp\/v2\/users\/1"}],"replies":[{"embeddable":true,"href":"https:\/\/image-trackers.de\/index.php?rest_route=%2Fwp%2Fv2%2Fcomments&post=236"}],"version-history":[{"count":4,"href":"https:\/\/image-trackers.de\/index.php?rest_route=\/wp\/v2\/posts\/236\/revisions"}],"predecessor-version":[{"id":250,"href":"https:\/\/image-trackers.de\/index.php?rest_route=\/wp\/v2\/posts\/236\/revisions\/250"}],"wp:attachment":[{"href":"https:\/\/image-trackers.de\/index.php?rest_route=%2Fwp%2Fv2%2Fmedia&parent=236"}],"wp:term":[{"taxonomy":"category","embeddable":true,"href":"https:\/\/image-trackers.de\/index.php?rest_route=%2Fwp%2Fv2%2Fcategories&post=236"},{"taxonomy":"post_tag","embeddable":true,"href":"https:\/\/image-trackers.de\/index.php?rest_route=%2Fwp%2Fv2%2Ftags&post=236"}],"curies":[{"name":"wp","href":"https:\/\/api.w.org\/{rel}","templated":true}]}}