{"id":560,"date":"2024-02-28T14:41:14","date_gmt":"2024-02-28T14:41:14","guid":{"rendered":"http:\/\/image-trackers.de\/?p=560"},"modified":"2024-02-28T14:41:14","modified_gmt":"2024-02-28T14:41:14","slug":"die-ausstellung-zum-workshop-fotobuch","status":"publish","type":"post","link":"https:\/\/image-trackers.de\/?p=560","title":{"rendered":"Die Ausstellung zum Workshop Fotobuch"},"content":{"rendered":"\n<p><strong>Der Fotobuch-Workshop<\/strong><\/p>\n\n\n\n<p><strong>Die Idee 1: Bilder wieder erleben, das Diktat des digitalen verlassen!<\/strong><\/p>\n\n\n\n<p>In der historischen Entwicklung der Fotografie bewirkte die Einf\u00fchrung der digitalen Fotografie einen massiven Einschnitt. Fotos tauchen als (Papier-)Bild im Gegensatz zum gemalten Bild, fast nicht mehr haptisch auf \u2013 alles Fotografierte verschwindet pl\u00f6tzlich in digitalen Speichern, und taucht, wenn \u00fcberhaupt, nur noch im ebenfalls digitalen Web wieder auf! Diese digitalen Bilder sind also f\u00fcr den Betrachter nicht mehr haptisch erfahrbar, und auch nicht mehr im Raum verortbar. Das Erlebnis Fotografie verschwindet im Wust von Nullen und Einsen! Auch das Erlebnis Fotos\/Bilder zu zeigen verliert sich im Belanglosen, und dazu meist auch im anonymen digitalen Universum. Ebenso die Diskussion \u00fcber Bilder, die im Web von Fotografierenden pr\u00e4sentiert und zu deren Bewertung aufgerufen wird. Mich irritieren auch immer wieder bildkritische Gespr\u00e4che \u00fcber Bilder, die auf Tablets oder gar auf Smartphones pr\u00e4sentiert werden!<\/p>\n\n\n\n<figure class=\"wp-block-image size-full\"><img loading=\"lazy\" decoding=\"async\" width=\"1000\" height=\"657\" src=\"http:\/\/image-trackers.de\/wp-content\/uploads\/2024\/02\/Aussen-1.jpg\" alt=\"\" class=\"wp-image-561\" srcset=\"https:\/\/image-trackers.de\/wp-content\/uploads\/2024\/02\/Aussen-1.jpg 1000w, https:\/\/image-trackers.de\/wp-content\/uploads\/2024\/02\/Aussen-1-300x197.jpg 300w, https:\/\/image-trackers.de\/wp-content\/uploads\/2024\/02\/Aussen-1-768x505.jpg 768w\" sizes=\"auto, (max-width: 767px) 89vw, (max-width: 1000px) 54vw, (max-width: 1071px) 543px, 580px\" \/><\/figure>\n\n\n\n<p><strong>Die Geste des Zeigens \u2013 Fotoalben und Schubladenfotos<\/strong><\/p>\n\n\n\n<p>Das zeigen von Fotos war immer sehr beliebt und geh\u00f6rte zum Alltag. Die Fotos befanden sich meist in Kartons oder in Schubladen \u2013 manchmal auch in akribisch angelegten Fotoalben Im Allgemeinen wurden die Bilder in Schuhkartons (Schubladenfotos) oder Fotoalben ausschlie\u00dflich dem fotografischen Amateurbereich zugeschrieben und fanden nur wenig Beachtung in der allgemeinen Fototheorie. Die Verbreitung des Smartphones trat dann das Erbe der \u201eSchublade\u201c an, und die Fotoalben verschwanden fast vollst\u00e4ndig \u2013 und damit auch das haptische Erlebnis und die Verortung dieser Bilder. Aber erst heute, gut 15 Jahre nach der Einf\u00fchrung dessen was wir heute als Smartphone bezeichnen, besch\u00e4ftigt sich die allgemeine Fototheorie damit.<\/p>\n\n\n\n<p>Die Geste des Zeigens aber blieb, und fand mit dem Smartphone ein \u201eZeigemedium\u201c mit v\u00f6llig neuen Dimensionen. Leider wurden fortan unsere Bilder leider auch ins digitale Nirwana weggesperrt. Das Erlebnis der \u201ehaptischen\u201c Erfahrbarkeit verschwand nun fast v\u00f6llig, und auch das Bed\u00fcrfnis des Zeigens von Fotos transferierte sich in die elektronischen Medien. Das erstaunliche daran ist aber die Tatsache, dass im s.g. Amateurbereich immer noch sehr teures Foto-Equipment gekauft wird um zu fotografieren, aber die Ergebnisse weitestgehend digital bleiben. Das ist deshalb erstaunlich, weil man&nbsp; das (f\u00fcrs Netz) auch mit einem Smartphone machen k\u00f6nnte!<\/p>\n\n\n\n<figure class=\"wp-block-image size-large\"><img loading=\"lazy\" decoding=\"async\" width=\"1024\" height=\"592\" src=\"http:\/\/image-trackers.de\/wp-content\/uploads\/2024\/02\/FB-19-1024x592.jpg\" alt=\"\" class=\"wp-image-562\" srcset=\"https:\/\/image-trackers.de\/wp-content\/uploads\/2024\/02\/FB-19-1024x592.jpg 1024w, https:\/\/image-trackers.de\/wp-content\/uploads\/2024\/02\/FB-19-300x174.jpg 300w, https:\/\/image-trackers.de\/wp-content\/uploads\/2024\/02\/FB-19-768x444.jpg 768w, https:\/\/image-trackers.de\/wp-content\/uploads\/2024\/02\/FB-19.jpg 1200w\" sizes=\"auto, (max-width: 767px) 89vw, (max-width: 1000px) 54vw, (max-width: 1071px) 543px, 580px\" \/><\/figure>\n\n\n\n<p><strong>Foto-Stammtisch<\/strong><\/p>\n\n\n\n<p>Ein weiteres Ph\u00e4nomen habe ich bei meinen zahlreichen Besuchen bei Fotoclubs und Foto-Stammtischen erlebt. Die meist fotografisch sehr aktiven Teilnehmer*innen reagierten auf meine Frage ob sie mit ihren Fotos an einer Fotoausstellung teilnehmen w\u00fcrden meist irritiert und lehnten ab! Das zeigte mir, das in diesem Bereich die Geste des Zeigens, fr\u00fcher das Ziel eines jeden Fotokurses und Aktivit\u00e4t in Fotoclubs, sich augenscheinlich unter dem Einfluss des Smartphons, stark ver\u00e4ndert hat. Letztendlich veranlassten mich diese Erfahrungen dazu eine \u201ePop-Up-Fotogalerie\u201c \u2013 das Projekt image-trackers zu etablieren und schon 2029 drei Fotoausstellungen zu organisieren. <\/p>\n\n\n\n<p><strong>Die Idee 2: Bilder kuratieren als Alternative!<\/strong><\/p>\n\n\n\n<p>Nat\u00fcrlich ist mir bewusst, dass die M\u00f6glichkeiten Fotoausstellungen zu pr\u00e4sentieren heutzutage noch schwieriger ist als noch zu Analogzeiten, daher kann ein genauso vorbereitetes Fotobuch ein Alternative sein. Eine gute Ausstellung ist nur dann zu realisieren, wenn sie gut kuratiert ist. Kuratieren hei\u00dft aber auch ausw\u00e4hlen!<\/p>\n\n\n\n<figure class=\"wp-block-image size-large\"><img loading=\"lazy\" decoding=\"async\" width=\"1024\" height=\"620\" src=\"http:\/\/image-trackers.de\/wp-content\/uploads\/2024\/02\/FB-20-1024x620.jpg\" alt=\"\" class=\"wp-image-563\" srcset=\"https:\/\/image-trackers.de\/wp-content\/uploads\/2024\/02\/FB-20-1024x620.jpg 1024w, https:\/\/image-trackers.de\/wp-content\/uploads\/2024\/02\/FB-20-300x182.jpg 300w, https:\/\/image-trackers.de\/wp-content\/uploads\/2024\/02\/FB-20-768x465.jpg 768w, https:\/\/image-trackers.de\/wp-content\/uploads\/2024\/02\/FB-20.jpg 1200w\" sizes=\"auto, (max-width: 767px) 89vw, (max-width: 1000px) 54vw, (max-width: 1071px) 543px, 580px\" \/><\/figure>\n\n\n\n<p>Bilderauswahl<\/p>\n\n\n\n<p><strong>Bilder bewerten, das Diktat der Kriterien!<\/strong><\/p>\n\n\n\n<p>Da wir in dieser Gesellschaft alle eine T\u00e4tigkeit aus\u00fcben m\u00fcssen um unsere Br\u00f6tchen zu verdienen, erlenen wir, je nach Komplexit\u00e4t der angestrebten T\u00e4tigkeit, \u00fcber einen definierten Zeitraum einen Beruf. Einen Teil des Lernens macht das Ein\u00fcben der entsprechenden Fachtermini aus. F\u00fcr alle Hard-Skills (z.B. im Handwerk) funktioniert das meist mehr oder weniger problemlos. Betrachtet man die T\u00e4tigkeiten die durch Soft-Skills gepr\u00e4gt sind, die also individuell bewerten, kommt man ohne vereinbarte Codes nicht aus! Allerdings empfiehlt es sich auch diese, meist in Schriftform existierenden Regeln, nicht als absolut zu betrachten und anzuwenden. Wie jedes Foto das wir machen einer \u201eTagesform\u201c unterliegt, gilt das auch f\u00fcr jedes Bild das wir betrachten!<\/p>\n\n\n\n<figure class=\"wp-block-image size-large\"><img loading=\"lazy\" decoding=\"async\" width=\"1024\" height=\"612\" src=\"http:\/\/image-trackers.de\/wp-content\/uploads\/2024\/02\/FB-21-1024x612.jpg\" alt=\"\" class=\"wp-image-564\" srcset=\"https:\/\/image-trackers.de\/wp-content\/uploads\/2024\/02\/FB-21-1024x612.jpg 1024w, https:\/\/image-trackers.de\/wp-content\/uploads\/2024\/02\/FB-21-300x179.jpg 300w, https:\/\/image-trackers.de\/wp-content\/uploads\/2024\/02\/FB-21-768x459.jpg 768w, https:\/\/image-trackers.de\/wp-content\/uploads\/2024\/02\/FB-21.jpg 1200w\" sizes=\"auto, (max-width: 767px) 89vw, (max-width: 1000px) 54vw, (max-width: 1071px) 543px, 580px\" \/><\/figure>\n\n\n\n<p><strong>Bilder bewerten!<\/strong><\/p>\n\n\n\n<p>Wie schon erl\u00e4utert bedarf es eines vereinbarten \u201eCodes\u201c um \u00fcber Bilder zu diskutieren, und diese gegebenenfalls bewerten zu k\u00f6nnen. Selbst wenn dieser Code schriftlich vorliegt ist das Handling damit nicht problemfrei! Ein Beispiel: In einer Jury stellt der Faktor Beratungszeit per se schon ein Problem dar! Wenn wir wissen das unser Gehirn in 0,8 Sek. entscheidet ob ein Bild gef\u00e4llt oder nicht, warum muss eine Diskussion zu einem Bild dann mehrere Minuten dauern \u2013 das Bild wird dadurch nicht besser oder schlechter. Mit der einfachen Feststellung \u201egef\u00e4llt mir\u201c oder \u201egef\u00e4llt mir nicht\u201c, ist eigentlich alles gesagt!<\/p>\n\n\n\n<p><strong>Bilder Kuratieren<\/strong><\/p>\n\n\n\n<p>Die Erfahrung zeigt, dass das Pr\u00e4sentieren von Bildern, vor allem au\u00dferhalb der Schubladen- und Gebrauchsfotografie, sehr komplex ist. Es gilt daher:<\/p>\n\n\n\n<ul class=\"wp-block-list\">\n<li>Die Schubladenfotografie unterliegt keinerlei Pr\u00e4sentationszw\u00e4ngen!<\/li>\n\n\n\n<li>Die Gebrauchsfotografie findet in ihrem kommerziellen Umfeld zahlreiche Unterst\u00fctzer, die sowohl bei der Auswahl als auch bei der Pr\u00e4sentation der Bilder regelnd eingreifen und helfen! Da gibt es (Bild) Redakteure, Art-Direktoren, das Marketing, und schlie\u00dflich den Kunden. F\u00fcr Museen Galerien und Ausstellungen gibt es genauso Berater und Kuratoren, wie f\u00fcr K\u00fcnstler Musen und Manager.<\/li>\n\n\n\n<li>Alles das hat der allgemein als \u201eFotoamateur\u201c bezeichnete Kunstfotograf normalerweise nicht!<\/li>\n<\/ul>\n\n\n\n<p><strong>Bilder Kuratieren als Alternative!<\/strong><\/p>\n\n\n\n<p>Gerade im \u201eBilder kuratieren\u201c sehe ich f\u00fcr Fotogemeinschaften und Fotoclubs eine sinnvolle Alternative zu den regelm\u00e4\u00dfigen, ewiggleichen und meist unzul\u00e4nglichen, internen \u201eFotowettbewerben\u201c! statt sich auch noch in der Freizeit bei den Clubabenden, dem in unserer Gesellschaft vorherrschenden Wettbewerbsprinzip zu unterwerfen, halte ich es f\u00fcr sinnvoller gemeinsam das \u201eKuratieren\u201c zu trainieren, und das Ergebnis dazu als gruppendynamisches Erlebnis zu zelebrieren!<\/p>\n\n\n\n<p>Die Bandbreite der Teilnehmer*innen reichte beim ersten Workshop vom klassischen Anf\u00e4nger bis zum studierten K\u00fcnstler; die in der Ausstellung zu sehende Ergebnisse k\u00f6nnen nat\u00fcrlich nur ansatzweise den Transformationsprozess vom Einzelbild zur Fotostrecke der Einzelnen Teilnehmer*innen zeigen, machen aber Mut weitere Workshops anzubieten!<\/p>\n\n\n\n<figure class=\"wp-block-image size-large\"><img loading=\"lazy\" decoding=\"async\" width=\"1024\" height=\"519\" src=\"http:\/\/image-trackers.de\/wp-content\/uploads\/2024\/02\/FB-22-1024x519.jpg\" alt=\"\" class=\"wp-image-565\" srcset=\"https:\/\/image-trackers.de\/wp-content\/uploads\/2024\/02\/FB-22-1024x519.jpg 1024w, https:\/\/image-trackers.de\/wp-content\/uploads\/2024\/02\/FB-22-300x152.jpg 300w, https:\/\/image-trackers.de\/wp-content\/uploads\/2024\/02\/FB-22-768x389.jpg 768w, https:\/\/image-trackers.de\/wp-content\/uploads\/2024\/02\/FB-22.jpg 1200w\" sizes=\"auto, (max-width: 767px) 89vw, (max-width: 1000px) 54vw, (max-width: 1071px) 543px, 580px\" \/><\/figure>\n\n\n\n<p>Die B\u00fccher<\/p>\n\n\n\n<p><strong>Die Ausstellung<\/strong><\/p>\n\n\n\n<figure class=\"wp-block-image size-large\"><img loading=\"lazy\" decoding=\"async\" width=\"1024\" height=\"250\" src=\"http:\/\/image-trackers.de\/wp-content\/uploads\/2024\/02\/FB-23-1024x250.jpg\" alt=\"\" class=\"wp-image-566\" srcset=\"https:\/\/image-trackers.de\/wp-content\/uploads\/2024\/02\/FB-23-1024x250.jpg 1024w, https:\/\/image-trackers.de\/wp-content\/uploads\/2024\/02\/FB-23-300x73.jpg 300w, https:\/\/image-trackers.de\/wp-content\/uploads\/2024\/02\/FB-23-768x188.jpg 768w, https:\/\/image-trackers.de\/wp-content\/uploads\/2024\/02\/FB-23.jpg 1200w\" sizes=\"auto, (max-width: 767px) 89vw, (max-width: 1000px) 54vw, (max-width: 1071px) 543px, 580px\" \/><\/figure>\n\n\n\n<figure class=\"wp-block-image size-large\"><img loading=\"lazy\" decoding=\"async\" width=\"1024\" height=\"532\" src=\"http:\/\/image-trackers.de\/wp-content\/uploads\/2024\/02\/FB-24-1024x532.jpg\" alt=\"\" class=\"wp-image-567\" srcset=\"https:\/\/image-trackers.de\/wp-content\/uploads\/2024\/02\/FB-24-1024x532.jpg 1024w, https:\/\/image-trackers.de\/wp-content\/uploads\/2024\/02\/FB-24-300x156.jpg 300w, https:\/\/image-trackers.de\/wp-content\/uploads\/2024\/02\/FB-24-768x399.jpg 768w, https:\/\/image-trackers.de\/wp-content\/uploads\/2024\/02\/FB-24.jpg 1200w\" sizes=\"auto, (max-width: 767px) 89vw, (max-width: 1000px) 54vw, (max-width: 1071px) 543px, 580px\" \/><\/figure>\n\n\n\n<p><strong>Der Aufbau<\/strong><\/p>\n\n\n\n<figure class=\"wp-block-image size-large is-resized\"><img loading=\"lazy\" decoding=\"async\" width=\"639\" height=\"1024\" src=\"http:\/\/image-trackers.de\/wp-content\/uploads\/2024\/02\/FB-25-639x1024.jpg\" alt=\"\" class=\"wp-image-568\" style=\"width:675px;height:auto\" srcset=\"https:\/\/image-trackers.de\/wp-content\/uploads\/2024\/02\/FB-25-639x1024.jpg 639w, https:\/\/image-trackers.de\/wp-content\/uploads\/2024\/02\/FB-25-187x300.jpg 187w, https:\/\/image-trackers.de\/wp-content\/uploads\/2024\/02\/FB-25-768x1231.jpg 768w, https:\/\/image-trackers.de\/wp-content\/uploads\/2024\/02\/FB-25-959x1536.jpg 959w, https:\/\/image-trackers.de\/wp-content\/uploads\/2024\/02\/FB-25.jpg 1200w\" sizes=\"auto, (max-width: 639px) 100vw, 639px\" \/><\/figure>\n\n\n\n<p>Die Location<\/p>\n\n\n\n<p><strong>Die Vernissage<\/strong><\/p>\n\n\n\n<figure class=\"wp-block-image size-large\"><img loading=\"lazy\" decoding=\"async\" width=\"1024\" height=\"683\" src=\"http:\/\/image-trackers.de\/wp-content\/uploads\/2024\/02\/FB-26-1024x683.jpg\" alt=\"\" class=\"wp-image-569\" srcset=\"https:\/\/image-trackers.de\/wp-content\/uploads\/2024\/02\/FB-26-1024x683.jpg 1024w, https:\/\/image-trackers.de\/wp-content\/uploads\/2024\/02\/FB-26-300x200.jpg 300w, https:\/\/image-trackers.de\/wp-content\/uploads\/2024\/02\/FB-26-768x512.jpg 768w, https:\/\/image-trackers.de\/wp-content\/uploads\/2024\/02\/FB-26.jpg 1200w\" sizes=\"auto, (max-width: 767px) 89vw, (max-width: 1000px) 54vw, (max-width: 1071px) 543px, 580px\" \/><\/figure>\n\n\n\n<figure class=\"wp-block-image size-large\"><img loading=\"lazy\" decoding=\"async\" width=\"1024\" height=\"683\" src=\"http:\/\/image-trackers.de\/wp-content\/uploads\/2024\/02\/FB-27-1024x683.jpg\" alt=\"\" class=\"wp-image-570\" srcset=\"https:\/\/image-trackers.de\/wp-content\/uploads\/2024\/02\/FB-27-1024x683.jpg 1024w, https:\/\/image-trackers.de\/wp-content\/uploads\/2024\/02\/FB-27-300x200.jpg 300w, https:\/\/image-trackers.de\/wp-content\/uploads\/2024\/02\/FB-27-768x512.jpg 768w, https:\/\/image-trackers.de\/wp-content\/uploads\/2024\/02\/FB-27.jpg 1200w\" sizes=\"auto, (max-width: 767px) 89vw, (max-width: 1000px) 54vw, (max-width: 1071px) 543px, 580px\" \/><\/figure>\n\n\n\n<figure class=\"wp-block-image size-large\"><img loading=\"lazy\" decoding=\"async\" width=\"1024\" height=\"685\" src=\"http:\/\/image-trackers.de\/wp-content\/uploads\/2024\/02\/FB-28-1024x685.jpg\" alt=\"\" class=\"wp-image-571\" srcset=\"https:\/\/image-trackers.de\/wp-content\/uploads\/2024\/02\/FB-28-1024x685.jpg 1024w, https:\/\/image-trackers.de\/wp-content\/uploads\/2024\/02\/FB-28-300x201.jpg 300w, https:\/\/image-trackers.de\/wp-content\/uploads\/2024\/02\/FB-28-768x514.jpg 768w, https:\/\/image-trackers.de\/wp-content\/uploads\/2024\/02\/FB-28.jpg 1200w\" sizes=\"auto, (max-width: 767px) 89vw, (max-width: 1000px) 54vw, (max-width: 1071px) 543px, 580px\" \/><\/figure>\n\n\n\n<p>Die Ausstellung zum WS-Fotobuch wurde am Donnerstag (08.02.) mit einer Vernissage erfolgreich er\u00f6ffnet, es waren ca. 70-80 Besucher \u00fcber den Abend da. Bei den Besuchern war das Interesse an den angebotenen Themen gleich verteilt, was scheinbar an den Themen selbst lag, dar\u00fcber hinaus ist es gelungen einen Wettbewerbscharakter zu vermeiden. Das Res\u00fcmee zum Projekt f\u00e4llt f\u00fcr mich und allen Beteiligten durchweg positiv aus. Nat\u00fcrlich werden und sollen die gemachten Erfahrungen w\u00e4hrend des Workshops selbst, und dem organisatorischen Vor- und Ablauf in das n\u00e4chste Projekt einflie\u00dfen! Im Wesentlichen betrifft das den Vorlauf bis zum Start, und die erste Phase des Workshops.<br><\/p>\n\n\n\n<figure class=\"wp-block-image size-large\"><img loading=\"lazy\" decoding=\"async\" width=\"1024\" height=\"492\" src=\"http:\/\/image-trackers.de\/wp-content\/uploads\/2024\/02\/FB-29-1024x492.jpg\" alt=\"\" class=\"wp-image-572\" srcset=\"https:\/\/image-trackers.de\/wp-content\/uploads\/2024\/02\/FB-29-1024x492.jpg 1024w, https:\/\/image-trackers.de\/wp-content\/uploads\/2024\/02\/FB-29-300x144.jpg 300w, https:\/\/image-trackers.de\/wp-content\/uploads\/2024\/02\/FB-29-768x369.jpg 768w, https:\/\/image-trackers.de\/wp-content\/uploads\/2024\/02\/FB-29.jpg 1200w\" sizes=\"auto, (max-width: 767px) 89vw, (max-width: 1000px) 54vw, (max-width: 1071px) 543px, 580px\" \/><\/figure>\n\n\n\n<p><strong>Ausdr\u00fccklich bedanken m\u00f6chte ich mich bei Fa. Fotobook, die unser Projekt \u201eWorkshop zum Thema Fotobuch\u201c tatkr\u00e4ftig und engagiert unterst\u00fctzt hat!<\/strong><\/p>\n","protected":false},"excerpt":{"rendered":"<p>Der Fotobuch-Workshop Die Idee 1: Bilder wieder erleben, das Diktat des digitalen verlassen! In der historischen Entwicklung der Fotografie bewirkte die Einf\u00fchrung der digitalen Fotografie einen massiven Einschnitt. Fotos tauchen als (Papier-)Bild im Gegensatz zum gemalten Bild, fast nicht mehr haptisch auf \u2013 alles Fotografierte verschwindet pl\u00f6tzlich in digitalen Speichern, und taucht, wenn \u00fcberhaupt, nur &hellip; <\/p>\n<p class=\"link-more\"><a href=\"https:\/\/image-trackers.de\/?p=560\" class=\"more-link\"><span class=\"screen-reader-text\">\u201eDie Ausstellung zum Workshop Fotobuch\u201c <\/span>weiterlesen<\/a><\/p>\n","protected":false},"author":1,"featured_media":0,"comment_status":"open","ping_status":"open","sticky":false,"template":"","format":"standard","meta":{"footnotes":""},"categories":[1],"tags":[],"class_list":["post-560","post","type-post","status-publish","format-standard","hentry","category-uncategorized"],"_links":{"self":[{"href":"https:\/\/image-trackers.de\/index.php?rest_route=\/wp\/v2\/posts\/560","targetHints":{"allow":["GET"]}}],"collection":[{"href":"https:\/\/image-trackers.de\/index.php?rest_route=\/wp\/v2\/posts"}],"about":[{"href":"https:\/\/image-trackers.de\/index.php?rest_route=\/wp\/v2\/types\/post"}],"author":[{"embeddable":true,"href":"https:\/\/image-trackers.de\/index.php?rest_route=\/wp\/v2\/users\/1"}],"replies":[{"embeddable":true,"href":"https:\/\/image-trackers.de\/index.php?rest_route=%2Fwp%2Fv2%2Fcomments&post=560"}],"version-history":[{"count":1,"href":"https:\/\/image-trackers.de\/index.php?rest_route=\/wp\/v2\/posts\/560\/revisions"}],"predecessor-version":[{"id":573,"href":"https:\/\/image-trackers.de\/index.php?rest_route=\/wp\/v2\/posts\/560\/revisions\/573"}],"wp:attachment":[{"href":"https:\/\/image-trackers.de\/index.php?rest_route=%2Fwp%2Fv2%2Fmedia&parent=560"}],"wp:term":[{"taxonomy":"category","embeddable":true,"href":"https:\/\/image-trackers.de\/index.php?rest_route=%2Fwp%2Fv2%2Fcategories&post=560"},{"taxonomy":"post_tag","embeddable":true,"href":"https:\/\/image-trackers.de\/index.php?rest_route=%2Fwp%2Fv2%2Ftags&post=560"}],"curies":[{"name":"wp","href":"https:\/\/api.w.org\/{rel}","templated":true}]}}